{"id":950,"date":"2015-12-01T12:26:30","date_gmt":"2015-12-01T11:26:30","guid":{"rendered":"https:\/\/blog.europrivacy.org\/?p=950"},"modified":"2015-12-27T16:11:46","modified_gmt":"2015-12-27T15:11:46","slug":"gdpr-scheduled-on-tomorrow-agenda-of-committee-of-permanent-representatives-of-eu-council","status":"publish","type":"post","link":"https:\/\/blog.europrivacy.info\/it\/2015\/12\/01\/gdpr-scheduled-on-tomorrow-agenda-of-committee-of-permanent-representatives-of-eu-council\/","title":{"rendered":"RGPD in agenda domani del Comitato dei rappresentanti permanenti del Consiglio UE"},"content":{"rendered":"<p>Domani (2 dicembre) si terr\u00e0 la riunione del (secondo) Comitato dei rappresentanti permanenti del Consiglio dell&#8217;Unione europea.<\/p>\n<p>Il GDPR \u00e8 previsto nell&#8217;ordine del giorno.<\/p>\n<p>Molto probabilmente, il PDF linkato ma inaccessibile \u00e8 una versione consolidata del GDPR.<\/p>","protected":false},"excerpt":{"rendered":"<p>Domani (2 dicembre) si terr\u00e0 la riunione del (secondo) Comitato dei rappresentanti permanenti del Consiglio dell&#8217;Unione europea. Il GDPR \u00e8 previsto nell&#8217;ordine del giorno. Molto probabilmente, il PDF linkato ma inaccessibile \u00e8 una versione consolidata del GDPR.<\/p>\n","protected":false},"author":2,"featured_media":951,"comment_status":"open","ping_status":"open","sticky":false,"template":"","format":"standard","meta":{"footnotes":""},"categories":[2],"tags":[131,129,128,130,84,60],"class_list":["post-950","post","type-post","status-publish","format-standard","has-post-thumbnail","hentry","category-legal-framework","tag-committee-of-permanent-representatives","tag-council","tag-data-protection","tag-europe","tag-european-council","tag-gdpr"],"_links":{"self":[{"href":"https:\/\/blog.europrivacy.info\/it\/wp-json\/wp\/v2\/posts\/950","targetHints":{"allow":["GET"]}}],"collection":[{"href":"https:\/\/blog.europrivacy.info\/it\/wp-json\/wp\/v2\/posts"}],"about":[{"href":"https:\/\/blog.europrivacy.info\/it\/wp-json\/wp\/v2\/types\/post"}],"author":[{"embeddable":true,"href":"https:\/\/blog.europrivacy.info\/it\/wp-json\/wp\/v2\/users\/2"}],"replies":[{"embeddable":true,"href":"https:\/\/blog.europrivacy.info\/it\/wp-json\/wp\/v2\/comments?post=950"}],"version-history":[{"count":4,"href":"https:\/\/blog.europrivacy.info\/it\/wp-json\/wp\/v2\/posts\/950\/revisions"}],"predecessor-version":[{"id":1097,"href":"https:\/\/blog.europrivacy.info\/it\/wp-json\/wp\/v2\/posts\/950\/revisions\/1097"}],"wp:featuredmedia":[{"embeddable":true,"href":"https:\/\/blog.europrivacy.info\/it\/wp-json\/wp\/v2\/media\/951"}],"wp:attachment":[{"href":"https:\/\/blog.europrivacy.info\/it\/wp-json\/wp\/v2\/media?parent=950"}],"wp:term":[{"taxonomy":"category","embeddable":true,"href":"https:\/\/blog.europrivacy.info\/it\/wp-json\/wp\/v2\/categories?post=950"},{"taxonomy":"post_tag","embeddable":true,"href":"https:\/\/blog.europrivacy.info\/it\/wp-json\/wp\/v2\/tags?post=950"}],"curies":[{"name":"wp","href":"https:\/\/api.w.org\/{rel}","templated":true}]}}