{"id":1455,"date":"2016-04-11T17:18:57","date_gmt":"2016-04-11T15:18:57","guid":{"rendered":"https:\/\/blog.europrivacy.org\/?p=1455"},"modified":"2016-04-13T12:09:23","modified_gmt":"2016-04-13T10:09:23","slug":"gdpr-ready-for-the-last-step","status":"publish","type":"post","link":"https:\/\/blog.europrivacy.info\/it\/2016\/04\/11\/gdpr-ready-for-the-last-step\/","title":{"rendered":"GDPR&#8230; pronti per l&#8217;ultimo passo!"},"content":{"rendered":"<p>Venerd\u00ec 8 aprile 2016, il Consiglio dell&#8217;Unione Europea ha adottato in Prima Lettura il documento approvato in fase di Trilogo.<\/p>\n<p>Adesso \u00e8 attesa la votazione in Seconda Lettura da parte del Parlamento Europeo che si terr\u00e0 il prossimo gioved\u00ec 14 aprile.<\/p>\n<p>L&#8217;approvazione in Seconda Lettura da parte del Parlamento (senza ulteriori emendamenti) <strong>completer\u00e0 il percorso legislativo<\/strong> che si perfezioner\u00e0 con la pubblicazione in Gazzetta Ufficiale Europea e l&#8217;entrata in vigore 20 giorni dopo la pubblicazione.<\/p>\n<p>Da quel momento decorreranno i due anni di tempo per adeguarsi alla nuova normativa.<\/p>","protected":false},"excerpt":{"rendered":"<p>Venerd\u00ec 8 aprile 2016, il Consiglio dell&#8217;Unione Europea ha adottato in Prima Lettura il documento approvato in fase di Trilogo. Adesso \u00e8 attesa la votazione in Seconda Lettura da parte del Parlamento Europeo che si terr\u00e0 il prossimo gioved\u00ec 14 aprile. L&#8217;approvazione in Seconda Lettura da parte del Parlamento (senza ulteriori emendamenti) completer\u00e0 il percorso\u2026 <span class=\"read-more\"><a href=\"https:\/\/blog.europrivacy.info\/it\/2016\/04\/11\/gdpr-ready-for-the-last-step\/\">Leggi tutto &raquo;<\/a><\/span><\/p>\n","protected":false},"author":16,"featured_media":0,"comment_status":"open","ping_status":"open","sticky":false,"template":"","format":"standard","meta":{"footnotes":""},"categories":[2],"tags":[],"class_list":["post-1455","post","type-post","status-publish","format-standard","hentry","category-legal-framework"],"_links":{"self":[{"href":"https:\/\/blog.europrivacy.info\/it\/wp-json\/wp\/v2\/posts\/1455","targetHints":{"allow":["GET"]}}],"collection":[{"href":"https:\/\/blog.europrivacy.info\/it\/wp-json\/wp\/v2\/posts"}],"about":[{"href":"https:\/\/blog.europrivacy.info\/it\/wp-json\/wp\/v2\/types\/post"}],"author":[{"embeddable":true,"href":"https:\/\/blog.europrivacy.info\/it\/wp-json\/wp\/v2\/users\/16"}],"replies":[{"embeddable":true,"href":"https:\/\/blog.europrivacy.info\/it\/wp-json\/wp\/v2\/comments?post=1455"}],"version-history":[{"count":5,"href":"https:\/\/blog.europrivacy.info\/it\/wp-json\/wp\/v2\/posts\/1455\/revisions"}],"predecessor-version":[{"id":1495,"href":"https:\/\/blog.europrivacy.info\/it\/wp-json\/wp\/v2\/posts\/1455\/revisions\/1495"}],"wp:attachment":[{"href":"https:\/\/blog.europrivacy.info\/it\/wp-json\/wp\/v2\/media?parent=1455"}],"wp:term":[{"taxonomy":"category","embeddable":true,"href":"https:\/\/blog.europrivacy.info\/it\/wp-json\/wp\/v2\/categories?post=1455"},{"taxonomy":"post_tag","embeddable":true,"href":"https:\/\/blog.europrivacy.info\/it\/wp-json\/wp\/v2\/tags?post=1455"}],"curies":[{"name":"wp","href":"https:\/\/api.w.org\/{rel}","templated":true}]}}